{"id":1835,"date":"2023-10-30T08:22:00","date_gmt":"2023-10-30T07:22:00","guid":{"rendered":"https:\/\/psychotherapie-zeugswetter.at\/home\/?p=1835"},"modified":"2024-01-08T20:31:45","modified_gmt":"2024-01-08T19:31:45","slug":"die-kunst-des-liebens-von-erich-fromm","status":"publish","type":"post","link":"https:\/\/psychotherapie-zeugswetter.at\/home\/die-kunst-des-liebens-von-erich-fromm\/","title":{"rendered":"Die Kunst des Liebens von Erich Fromm"},"content":{"rendered":"\n<p>&#8222;<em>Kein Mensch darf dem Anderen Mittel zum Zweck werden.<\/em>&#8220; In &#8222;Die Kunst des Liebens&#8220;  bezieht sich Erich Fromm (empfehlenswert &#8230; das H\u00f6rbuch auf YouTube) auf Immanuel Kant und seinen Kategorischen Imperativ. Ich habe Menschen in meinem Umkreis gefragt, was dieser bzw. &#8222;<em>Kein Mensch darf dem Anderen Mittel zum Zweck werden<\/em>&#8220; f\u00fcr sie bedeutet. Antworten folgen heute und in den kommenden Wochen.<\/p>\n\n\n\n<p><a href=\"https:\/\/psychotherapie-zeugswetter.at\/home\/erich-fromm-die-kunst-des-liebens\/\">Dieser Link f\u00fchrt auf eine Seite innerhalb meiner Website, auf dem das H\u00f6rbuch-Video von <strong>Die Kunst des Liebens<\/strong> unter <em>erweitertem Datenschutzmodus<\/em> eingebettet ist.<\/a> Auf dieser Seite erf\u00e4hrst Du auch, was das f\u00fcr Dich und den Datenschutz bedeutet. <strong>Vorwegschicken m\u00f6chte ich, dass die Nutzung auf eigene Gefahr erfolgt!<\/strong><\/p>\n\n\n\n<p>Antwort 1:<\/p>\n\n\n\n<figure class=\"wp-block-image size-full\"><img fetchpriority=\"high\" decoding=\"async\" width=\"805\" height=\"667\" src=\"https:\/\/psychotherapie-zeugswetter.at\/home\/wp-content\/uploads\/2023\/11\/Kant_und_Fromm_1.jpg\" alt=\"Immanuel Kant &amp; Erich Fromm\" class=\"wp-image-1866\" srcset=\"https:\/\/psychotherapie-zeugswetter.at\/home\/wp-content\/uploads\/2023\/11\/Kant_und_Fromm_1.jpg 805w, https:\/\/psychotherapie-zeugswetter.at\/home\/wp-content\/uploads\/2023\/11\/Kant_und_Fromm_1-300x249.jpg 300w, https:\/\/psychotherapie-zeugswetter.at\/home\/wp-content\/uploads\/2023\/11\/Kant_und_Fromm_1-768x636.jpg 768w\" sizes=\"(max-width:767px) 480px, (max-width:805px) 100vw, 805px\" \/><\/figure>\n","protected":false},"excerpt":{"rendered":"<p>&#8222;Kein Mensch darf dem Anderen Mittel zum Zweck werden.&#8220; In &#8222;Die Kunst des Liebens&#8220; bezieht sich Erich Fromm (empfehlenswert &#8230; das H\u00f6rbuch auf YouTube) auf Immanuel<span class=\"excerpt-hellip\"> [\u2026]<\/span><\/p>\n","protected":false},"author":1,"featured_media":1851,"comment_status":"closed","ping_status":"open","sticky":false,"template":"","format":"standard","meta":{"footnotes":""},"categories":[63],"tags":[385,383,381,384,382,64],"class_list":["post-1835","post","type-post","status-publish","format-standard","has-post-thumbnail","hentry","category-lernen","tag-antworten","tag-die-kunst-des-liebens","tag-erich-fromm","tag-hoerbuch","tag-immanuel-kant","tag-lernen"],"_links":{"self":[{"href":"https:\/\/psychotherapie-zeugswetter.at\/home\/wp-json\/wp\/v2\/posts\/1835","targetHints":{"allow":["GET"]}}],"collection":[{"href":"https:\/\/psychotherapie-zeugswetter.at\/home\/wp-json\/wp\/v2\/posts"}],"about":[{"href":"https:\/\/psychotherapie-zeugswetter.at\/home\/wp-json\/wp\/v2\/types\/post"}],"author":[{"embeddable":true,"href":"https:\/\/psychotherapie-zeugswetter.at\/home\/wp-json\/wp\/v2\/users\/1"}],"replies":[{"embeddable":true,"href":"https:\/\/psychotherapie-zeugswetter.at\/home\/wp-json\/wp\/v2\/comments?post=1835"}],"version-history":[{"count":11,"href":"https:\/\/psychotherapie-zeugswetter.at\/home\/wp-json\/wp\/v2\/posts\/1835\/revisions"}],"predecessor-version":[{"id":1959,"href":"https:\/\/psychotherapie-zeugswetter.at\/home\/wp-json\/wp\/v2\/posts\/1835\/revisions\/1959"}],"wp:featuredmedia":[{"embeddable":true,"href":"https:\/\/psychotherapie-zeugswetter.at\/home\/wp-json\/wp\/v2\/media\/1851"}],"wp:attachment":[{"href":"https:\/\/psychotherapie-zeugswetter.at\/home\/wp-json\/wp\/v2\/media?parent=1835"}],"wp:term":[{"taxonomy":"category","embeddable":true,"href":"https:\/\/psychotherapie-zeugswetter.at\/home\/wp-json\/wp\/v2\/categories?post=1835"},{"taxonomy":"post_tag","embeddable":true,"href":"https:\/\/psychotherapie-zeugswetter.at\/home\/wp-json\/wp\/v2\/tags?post=1835"}],"curies":[{"name":"wp","href":"https:\/\/api.w.org\/{rel}","templated":true}]}}